{"id":273,"date":"2020-02-20T22:12:58","date_gmt":"2020-02-20T22:12:58","guid":{"rendered":"https:\/\/codesupply.co\/et-ante-donec-rutrum-integer-amet-ligula-vel-imperdiet-eu-viverra-eget\/"},"modified":"2023-09-19T19:22:04","modified_gmt":"2023-09-19T19:22:04","slug":"asr-emitter","status":"publish","type":"post","link":"https:\/\/wieczorzanalogiem.pl\/index.php\/2020\/02\/20\/asr-emitter\/","title":{"rendered":"ASR Emitter &#8211; gramy po NIEMIECKU"},"content":{"rendered":"\n<p class=\"has-drop-cap wp-block-paragraph\">Na ASR Emmiter&#8217;a trafi\u0142em relatywnie wcze\u015bnie bo jako\u015b w trzecim roku mojej audio przygody poszukuj\u0105c wzmacniacza, ktory b\u0119dzie w miar\u0119 przyst\u0119pny cenowo, b\u0119dzie gra\u0142 ciep\u0142o i z zapasem mocy. <br><br>No i zasadniczo wszystko si\u0119 zgadza. Na ods\u0142uch do mnie trafi\u0142 model 2015, czyli ju\u017c nieco neutralniejszy, starsze &#8211; szczeg\u00f3lnie te przed rokiem 2000 gra\u0142y pono\u0107 jeszcze znacznie cieplej i mniej dynamicznie. Emittera s\u0142uchami m.in z Tannoy LGM, jakimi\u015b wi\u0119kszymi pod\u0142ogowymi Dynaudio Contour i Quadral Vulcan i Titan, s\u0142ynnymi Electro Voice Delta, a tak\u017ce z moimi ukochanymi Snell E3 i AudioPhase Opium.<\/p>\n\n\n\n<figure class=\"wp-block-image size-large\"><img decoding=\"async\" src=\"http:\/\/wieczorzanalogiem.pl\/wp-content\/uploads\/2023\/09\/DSC_8422-1024x684.jpg\" alt=\"\" class=\"wp-image-4206\"\/><\/figure>\n\n\n\n<p class=\"wp-block-paragraph\">M\u00f3j kolega \u015bw pami\u0119ci aarset \u0142\u0105czy\u0142 z kolei wielkiego, 4 elementowego Emittera II z Klipsch Forte III. <\/p>\n\n\n\n<blockquote class=\"wp-block-quote is-layout-flow wp-block-quote-is-layout-flow\">\n<p class=\"wp-block-paragraph\">W\u0142a\u015bciwie w ka\u017cdym z tych set\u00f3w Emitter dawa\u0142 bardzo dobre wype\u0142nienie, doci\u0105\u017cenie \u015brednicy, czyteln\u0105 i rozdzielcz\u0105 g\u00f3r\u0119, dobr\u0105 scen\u0119.<\/p>\n<\/blockquote>\n\n\n\n<p class=\"wp-block-paragraph\">Nigdy nie zachwyca\u0142 mnie jako\u015b basem, cho\u0107 obiektywnie by\u0142 on dobry, ale momentami nieco zbyt masywny i zaokr\u0105glony. Bardzo dobrze s\u0142ucha\u0142o si\u0119 go u kolegi Myszora z Quadralami i nie\u017ale te\u017c wypada\u0142 z Deltami.<\/p>\n\n\n\n<figure class=\"wp-block-image size-large is-resized\"><img loading=\"lazy\" decoding=\"async\" src=\"http:\/\/wieczorzanalogiem.pl\/wp-content\/uploads\/2020\/02\/ASR-1024x693.jpg\" alt=\"\" class=\"wp-image-3988\" style=\"width:599px;height:406px\" width=\"599\" height=\"406\" srcset=\"https:\/\/wieczorzanalogiem.pl\/wp-content\/uploads\/2020\/02\/ASR-1024x693.jpg 1024w, https:\/\/wieczorzanalogiem.pl\/wp-content\/uploads\/2020\/02\/ASR-300x203.jpg 300w, https:\/\/wieczorzanalogiem.pl\/wp-content\/uploads\/2020\/02\/ASR-768x519.jpg 768w, https:\/\/wieczorzanalogiem.pl\/wp-content\/uploads\/2020\/02\/ASR-380x257.jpg 380w, https:\/\/wieczorzanalogiem.pl\/wp-content\/uploads\/2020\/02\/ASR-800x541.jpg 800w, https:\/\/wieczorzanalogiem.pl\/wp-content\/uploads\/2020\/02\/ASR.jpg 1140w\" sizes=\"auto, (max-width: 599px) 100vw, 599px\" \/><\/figure>\n\n\n\n<p class=\"wp-block-paragraph\">Naprawd\u0119 wysokiej klasy brzmienie uzyska\u0142em te\u017c ze swoimi \u00f3wczesnymi monitorami AudioPhase Opium &#8211; \u015bwietna \u015brednica, granie bardzo relaksuj\u0105ce, przyjemne, pe\u0142ne, dojrza\u0142e chcia\u0142oby si\u0119 powiedzie\u0107. Niestety tylko na cyfrze, bo z moim \u00f3wczesnym winylem by\u0142o tak nudno i lepko, \u017ce nie da\u0142o si\u0119 tego strawi\u0107. <\/p>\n\n\n\n<blockquote class=\"wp-block-quote is-layout-flow wp-block-quote-is-layout-flow\">\n<p class=\"wp-block-paragraph\">Innym fatalnym setem by\u0142o po\u0142\u0105czenie go ze Snell E3 &#8211; o jasna cholera, nigdy nie s\u0105dzi\u0142em, \u017ce tak dobrze graj\u0105cy wzmacniacz i tak wybitne kolumny mog\u0105 razem za\u015bpiewa\u0107 tak okropnie.<\/p>\n<\/blockquote>\n\n\n\n<p class=\"wp-block-paragraph\">Ciemno, nijako, bez otwarto\u015bci, \u017cycia (a Snell to \u017cycie, barwy, kolory, faktury!) Co\u015b okropnego. Jakie\u017c by\u0142o moje zdziwienie, gdy zobaczy\u0142em, \u017ce kto\u015b na oeliksie taki set mia\u0142 ze sob\u0105 po\u0142\u0105czony i na tym gra\u0142. Wsp\u00f3\u0142czuj\u0119 \ud83d\ude42 <\/p>\n\n\n\n<p class=\"wp-block-paragraph\">Na wspomnienie zas\u0142uguje te\u017c zestaw z Forte III &#8211; by\u0142o zaskakuj\u0105co dobrze, cho\u0107 mnie te kolumny bardziej podoba\u0142y si\u0119 w pierwszym wydaniu, w jakim je us\u0142ysza\u0142em &#8211; z dzielon\u0105 hybryd\u0105 Coplanda &#8211; by\u0142o znacznie szybciej, dynamiczniej, z lepszym punchem. No i Forte III by\u0142y te\u017c \u015bwietne z Haiku Sensei 300B &#8211; cho\u0107 w bardziej z\u0142o\u017conej muzyce i przy ostrzejszym graniu mocniejsze piece radzi\u0142y sobie po prostu lepiej. <\/p>\n\n\n\n<blockquote class=\"wp-block-quote is-layout-flow wp-block-quote-is-layout-flow\">\n<p class=\"wp-block-paragraph\">Jak tak naprawd\u0119 wspominam Emittera? <\/p>\n<\/blockquote>\n\n\n\n<figure class=\"wp-block-image size-large\"><img decoding=\"async\" src=\"http:\/\/wieczorzanalogiem.pl\/wp-content\/uploads\/2023\/09\/DSC_8428-1024x684.jpg\" alt=\"\" class=\"wp-image-4210\"\/><\/figure>\n\n\n\n<p class=\"wp-block-paragraph\">Podobnie jak Kenwooda KD-990 &#8211; Bardzo, bardzo dobry wzmacniacz, oferuj\u0105cy w wielu aspektach \u015bwietne brzmienie. Niemniej ilekro\u0107 nie s\u0142ucha\u0142em go u siebie, czy u znajomych mia\u0142em uczucie jakiej\u015b takiej ci\u0119\u017cko\u015bci, ograniczenia. Braku \u017cycia, braku wgl\u0105du w nagranie. Ca\u0142o\u015b\u0107 zazwyczaj gra\u0142a mocno pierwszym planem, barwy by\u0142y mi\u0119siste, ale jakie\u015b takie blade, bez \u017cycia, emocji. Radzi\u0142 sobie nie\u017ale z muzyk\u0105 rockow\u0105, czy ja\u015bniej zrealizowan\u0105, ale ja nigdy bym takiego wzmacniacza nie pokocha\u0142 i nie postawi\u0142 u siebie na d\u0142u\u017cej ni\u017c kilka tygodni. Cholera &#8211; w\u0142a\u015bciwie to ci\u0119\u017cko by\u0142o mi z nim zazwyczaj ca\u0142y dzie\u0144 wytrwa\u0107. <\/p>\n\n\n\n<p class=\"wp-block-paragraph\">W wokalach m\u0119skich zawsze by\u0142o du\u017co fajnej chrypy, dynamika by\u0142a dobra, rozmach du\u017cy. <\/p>\n\n\n\n<blockquote class=\"wp-block-quote is-layout-flow wp-block-quote-is-layout-flow\">\n<p class=\"wp-block-paragraph\">Du\u017co, du\u017co dobrych cech, ale niewiele tej emocji, kt\u00f3rej ja w muzyce szukam. <\/p>\n<\/blockquote>\n\n\n\n<p class=\"wp-block-paragraph\">Na repertuarze jazzowo\/wokalowym, szczeg\u00f3lnie, gdy wchodzi\u0142y wokale kobiece, jakie\u015b smyki no&#8230; by\u0142o tak sobie i wybra\u0142bym bez problemu wiele innych, ta\u0144szych wzmacniaczy, kt\u00f3re dawa\u0142y mi o wiele wi\u0119cej funu. Cho\u0107by Haiku Sol I czy Sol II, czy SPEC RSA-717, Lavardin IS je\u015bli mowa o tranzystorach.<br><\/p>\n\n\n\n<figure class=\"wp-block-image size-large\"><img decoding=\"async\" src=\"http:\/\/wieczorzanalogiem.pl\/wp-content\/uploads\/2023\/09\/DSC_8423-1-1024x684.jpg\" alt=\"\" class=\"wp-image-4212\"\/><\/figure>\n\n\n\n<p class=\"wp-block-paragraph\"><br>Oczywi\u015bcie wszystko jak zawsze zale\u017cy od systemu, preferencji, s\u0142uchanych gatunk\u00f3w, wielko\u015bci pomieszczenia &#8211; b\u0119d\u0119 to tutaj powtarza\u0142 jak mantr\u0119, bo w\/w klocki nie dadz\u0105 rady trudniejszym kolumnom, ani nie wype\u0142ni\u0105 nale\u017cycie wi\u0119kszych pomieszcze\u0144&#8230; Ale w salonie przeci\u0119tnego Kowalskiego, z nieco mniej wymagaj\u0105cymi kolumnami do bardziej romantycznego s\u0142uchania nadawa\u0107 si\u0119 b\u0119d\u0105 du\u017co bardziej. <\/p>\n","protected":false},"excerpt":{"rendered":"Potw\u00f3r &#8211; wielkie radiatory, osobne zasilanie, blisko 50kg wagi. Dla ka\u017cdego, kto szuka Hi-Endu ASR powinien by\u0107 jednym z pierwszych typ\u00f3w do sprawdzenia. Jego ceny na rynku wt\u00f3rnym i relatywnie spora dost\u0119pno\u015b\u0107 pozwala nawet osobie bez przesadnie grubego portfela poobcowa\u0107 z czym\u015b&#8230; cholera &#8211; no jakby nie patrze\u0107 powa\u017cnym. Zatem je\u015bli Emitter ma tyle zalet to dlaczego nie stan\u0105\u0142 nigdy na mojej szafce RTV na d\u0142uzej? Zapraszam do lektury \ud83d\ude42\n","protected":false},"author":1,"featured_media":4208,"comment_status":"open","ping_status":"open","sticky":false,"template":"","format":"standard","meta":{"om_disable_all_campaigns":false,"csco_singular_sidebar":"disabled","csco_page_header_type":"default","csco_custom_appearance":"","csco_disable_excerpt_posts_layout":false,"csco_page_load_nextpost":"default","csco_post_video_location":[],"csco_post_video_location_hash":"","csco_post_video_url":"","csco_post_video_bg_start_time":0,"csco_post_video_bg_end_time":0,"footnotes":""},"categories":[4],"tags":[59,38,49],"class_list":["post-273","post","type-post","status-publish","format-standard","has-post-thumbnail","category-wzmacniacze","tag-asr","tag-tranzystor","tag-wzmacniacz","cs-entry","cs-video-wrap"],"aioseo_notices":[],"_links":{"self":[{"href":"https:\/\/wieczorzanalogiem.pl\/index.php\/wp-json\/wp\/v2\/posts\/273","targetHints":{"allow":["GET"]}}],"collection":[{"href":"https:\/\/wieczorzanalogiem.pl\/index.php\/wp-json\/wp\/v2\/posts"}],"about":[{"href":"https:\/\/wieczorzanalogiem.pl\/index.php\/wp-json\/wp\/v2\/types\/post"}],"author":[{"embeddable":true,"href":"https:\/\/wieczorzanalogiem.pl\/index.php\/wp-json\/wp\/v2\/users\/1"}],"replies":[{"embeddable":true,"href":"https:\/\/wieczorzanalogiem.pl\/index.php\/wp-json\/wp\/v2\/comments?post=273"}],"version-history":[{"count":11,"href":"https:\/\/wieczorzanalogiem.pl\/index.php\/wp-json\/wp\/v2\/posts\/273\/revisions"}],"predecessor-version":[{"id":4394,"href":"https:\/\/wieczorzanalogiem.pl\/index.php\/wp-json\/wp\/v2\/posts\/273\/revisions\/4394"}],"wp:featuredmedia":[{"embeddable":true,"href":"https:\/\/wieczorzanalogiem.pl\/index.php\/wp-json\/wp\/v2\/media\/4208"}],"wp:attachment":[{"href":"https:\/\/wieczorzanalogiem.pl\/index.php\/wp-json\/wp\/v2\/media?parent=273"}],"wp:term":[{"taxonomy":"category","embeddable":true,"href":"https:\/\/wieczorzanalogiem.pl\/index.php\/wp-json\/wp\/v2\/categories?post=273"},{"taxonomy":"post_tag","embeddable":true,"href":"https:\/\/wieczorzanalogiem.pl\/index.php\/wp-json\/wp\/v2\/tags?post=273"}],"curies":[{"name":"wp","href":"https:\/\/api.w.org\/{rel}","templated":true}]}}